{"id":2832,"date":"2024-05-14T18:43:04","date_gmt":"2024-05-14T21:43:04","guid":{"rendered":"http:\/\/fsjb.edu.br\/portal\/?p=2832"},"modified":"2024-05-14T18:43:04","modified_gmt":"2024-05-14T21:43:04","slug":"presidente-e-diretor-comercial-da-fsjb-marcam-presenca-em-evento-promovido-pela-amear","status":"publish","type":"post","link":"https:\/\/fsjb.edu.br\/portal\/presidente-e-diretor-comercial-da-fsjb-marcam-presenca-em-evento-promovido-pela-amear\/","title":{"rendered":"Presidente e diretor comercial da FSJB marcam presen\u00e7a em evento promovido pela AMEAR"},"content":{"rendered":"<figure id=\"attachment_2833\" aria-describedby=\"caption-attachment-2833\" style=\"width: 600px\" class=\"wp-caption aligncenter\"><img fetchpriority=\"high\" decoding=\"async\" class=\"wp-image-2833 size-full\" src=\"https:\/\/fsjb.edu.br\/wp-content\/uploads\/2024\/05\/foto_14_05_24_01-1.jpg\" alt=\"\" width=\"600\" height=\"450\" srcset=\"https:\/\/fsjb.edu.br\/portal\/wp-content\/uploads\/2024\/05\/foto_14_05_24_01-1.jpg 600w, https:\/\/fsjb.edu.br\/portal\/wp-content\/uploads\/2024\/05\/foto_14_05_24_01-1-300x225.jpg 300w\" sizes=\"(max-width: 600px) 100vw, 600px\" \/><figcaption id=\"caption-attachment-2833\" class=\"wp-caption-text\">Fotos: Divulga\u00e7\u00e3o<\/figcaption><\/figure>\n<p>O audit\u00f3rio do Centro Integrado SESI\/SENAI\/IEL \u201cS\u00e9rgio Rog\u00e9rio de Castro\u201d, localizado no bairro Vila Nova, em Aracruz, foi palco de discuss\u00f5es pertinentes sobre os desafios econ\u00f4micos e empresariais atuais, no \u00faltimo dia 09 de maio. O evento reuniu figuras proeminentes do mundo empresarial, pol\u00edtico e l\u00edderes educacionais para debater quest\u00f5es prementes para o desenvolvimento econ\u00f4mico e educacional do Esp\u00edrito Santo.<\/p>\n<p>Sob a tem\u00e1tica \u201cEconomia &amp; Neg\u00f3cios: O que est\u00e1 e o que n\u00e3o est\u00e1 sob nosso controle?\u201d, o Caf\u00e9 da Manh\u00e3, promovido pela <a href=\"https:\/\/amear.org.br\/historia\/\" target=\"_blank\" rel=\"noopener noreferrer\"><strong>AMEAR (Associa\u00e7\u00e3o Movimento Empresarial Aracruz e Regi\u00e3o),<\/strong> <\/a>reuniu nomes de destaque, como Rafael Furlanetti, cofundador da XP Investimentos, e a presen\u00e7a ilustre do vice-governador do <a href=\"https:\/\/www.es.gov.br\/\" target=\"_blank\" rel=\"noopener noreferrer\"><strong>Esp\u00edrito Santo<\/strong>,<\/a> Ricardo Ferra\u00e7o.<\/p>\n<p>Dentre os participantes not\u00e1veis, destacaram-se tamb\u00e9m a presidente da <a href=\"http:\/\/fsjb.edu.br\/portal\/\" target=\"_blank\" rel=\"noopener noreferrer\"><strong>Funda\u00e7\u00e3o S\u00e3o Jo\u00e3o Batista (FSJB),<\/strong><\/a> Celi Cabral, e o diretor comercial da FSJB, prof. Wellington Giacomin, que trouxeram valiosas contribui\u00e7\u00f5es para o debate. O evento foi marcado por abordagens assertivas e reflexivas.<\/p>\n<p><img decoding=\"async\" class=\"aligncenter wp-image-2834 size-full\" src=\"https:\/\/fsjb.edu.br\/wp-content\/uploads\/2024\/05\/foto_14_05_24_02-1.jpg\" alt=\"\" width=\"600\" height=\"450\" srcset=\"https:\/\/fsjb.edu.br\/portal\/wp-content\/uploads\/2024\/05\/foto_14_05_24_02-1.jpg 600w, https:\/\/fsjb.edu.br\/portal\/wp-content\/uploads\/2024\/05\/foto_14_05_24_02-1-300x225.jpg 300w\" sizes=\"(max-width: 600px) 100vw, 600px\" \/><\/p>\n<p>Celi Cabral, da FSJB, trouxe \u00e0 tona uma preocupa\u00e7\u00e3o latente: o decl\u00ednio no n\u00famero de matr\u00edculas no Ensino Superior, tanto em institui\u00e7\u00f5es p\u00fablicas, quanto privadas. Ela instigou gestores p\u00fablicos e empres\u00e1rios a incentivarem servidores e colaboradores a buscarem por capacita\u00e7\u00e3o, ressaltando a import\u00e2ncia de institui\u00e7\u00f5es tradicionais confi\u00e1veis nesse processo.<\/p>\n<p>O questionamento lan\u00e7ado por Cabral sobre a vis\u00e3o dos presentes em rela\u00e7\u00e3o a esse cen\u00e1rio ecoou pelo audit\u00f3rio, provocando reflex\u00f5es profundas. Em resposta \u00e0 indaga\u00e7\u00e3o de Celi, Rafael Furlanetti e o vice-governador discutiram o cen\u00e1rio educacional, reconhecendo a necessidade de investimento e comprometimento com a forma\u00e7\u00e3o de m\u00e3o de obra qualificada, fundamental para o desenvolvimento econ\u00f4mico do estado e do pa\u00eds.<\/p>\n<p>Furlanetti, com sua expertise no mercado financeiro, enfatizou a relev\u00e2ncia do Esp\u00edrito Santo no contexto econ\u00f4mico atual, destacando a influ\u00eancia dos Estados Unidos na economia brasileira e capixaba. Al\u00e9m disso, apresentou casos de sucesso de ind\u00fastrias locais, como Placas do Brasil, Imetame, ESTEL, Grupo \u00c1guia Branca e FORTLEV, evidenciando a import\u00e2ncia do perfil arrojado dos empres\u00e1rios capixabas.<\/p>\n<p>O palestrante convidado abordou ainda a import\u00e2ncia da educa\u00e7\u00e3o em tempos de crise, ressaltando que a qualifica\u00e7\u00e3o \u00e9 essencial para acompanhar as constantes transforma\u00e7\u00f5es no Brasil e no mundo. <em>\u201cEmpresas carecem de m\u00e3o de obra qualificada. E como o estado e o munic\u00edpio est\u00e3o com v\u00e1rias novas empresas se instalando, bem como v\u00e1rias expans\u00f5es, o momento de se qualificar e preparar \u00e9 agora\u201d, <\/em>destacou Furlanetti.<\/p>\n<p><img decoding=\"async\" class=\"aligncenter wp-image-2835 size-full\" src=\"https:\/\/fsjb.edu.br\/wp-content\/uploads\/2024\/05\/foto_14_05_24_03-1.jpg\" alt=\"\" width=\"600\" height=\"450\" srcset=\"https:\/\/fsjb.edu.br\/portal\/wp-content\/uploads\/2024\/05\/foto_14_05_24_03-1.jpg 600w, https:\/\/fsjb.edu.br\/portal\/wp-content\/uploads\/2024\/05\/foto_14_05_24_03-1-300x225.jpg 300w\" sizes=\"(max-width: 600px) 100vw, 600px\" \/><\/p>\n<p>Em um momento de reflex\u00e3o sobre os desafios e oportunidades que se apresentam tanto no Brasil quanto no mundo, Furlanetti ressaltou a import\u00e2ncia de focar em quest\u00f5es sob nosso controle e promover discuss\u00f5es construtivas. <em>\u201cTemos que falar sobre assuntos que est\u00e3o sob nosso controle. Afinal, h\u00e1 muita coisa que n\u00e3o conseguimos controlar. Esses bate-papos servem para isso. \u00c9 muito bom espalhar mensagens e levar o nome de nossa empresa tamb\u00e9m e promover boas discuss\u00f5es. Somente assim, geramos bons neg\u00f3cios\u201d, <\/em>concluiu o palestrante convidado.<\/p>\n<p>O Caf\u00e9 da Manh\u00e3 promovido pela AMEAR serviu n\u00e3o apenas como um espa\u00e7o para networking e troca de ideias, mas tamb\u00e9m como um catalisador para a\u00e7\u00f5es concretas voltadas para o fortalecimento da economia local e o desenvolvimento sustent\u00e1vel de Aracruz e regi\u00e3o. O evento encerrou-se deixando reflex\u00f5es valiosas sobre o papel da educa\u00e7\u00e3o e do empreendedorismo no mundo do neg\u00f3cio.<\/p>\n<p>Por fim, fica claro que eventos como este n\u00e3o apenas iluminam os desafios que enfrentamos, mas tamb\u00e9m destacam as oportunidades que est\u00e3o ao nosso alcance, reafirmando o compromisso coletivo de moldar um futuro pr\u00f3spero e inclusivo para todos os capixabas, refor\u00e7ando a import\u00e2ncia do di\u00e1logo e do compartilhamento de conhecimento para o fortalecimento do setor empresarial em todo o estado do Esp\u00edrito Santo.<\/p>\n<p><em><strong>Texto: Alessandro Bitti<\/strong><\/em><br \/>\n<em>E-mail: comunicacao@fsjb.edu.br<\/em><em><br \/>\nalessandro@fsjb.edu.br<\/em><\/p>\n<p>Data da publica\u00e7\u00e3o: 14\/05\/2024<\/p>\n","protected":false},"excerpt":{"rendered":"<p>O audit\u00f3rio do Centro Integrado SESI\/SENAI\/IEL \u201cS\u00e9rgio Rog\u00e9rio de Castro\u201d, localizado no bairro Vila Nova, em Aracruz, foi palco de discuss\u00f5es pertinentes sobre os desafios econ\u00f4micos e empresariais atuais, no \u00faltimo dia 09 de maio. O evento reuniu figuras proeminentes do mundo empresarial, pol\u00edtico e l\u00edderes educacionais para debater quest\u00f5es prementes para o desenvolvimento econ\u00f4mico e educacional do Esp\u00edrito Santo. Sob a tem\u00e1tica \u201cEconomia &amp; Neg\u00f3cios: O que est\u00e1 e o que n\u00e3o est\u00e1 sob nosso controle?\u201d, o Caf\u00e9 da Manh\u00e3, promovido pela AMEAR (Associa\u00e7\u00e3o Movimento Empresarial Aracruz e Regi\u00e3o), reuniu nomes de destaque, como Rafael Furlanetti, cofundador da XP Investimentos, e a presen\u00e7a ilustre do vice-governador do Esp\u00edrito Santo, Ricardo Ferra\u00e7o. Dentre os participantes not\u00e1veis, destacaram-se tamb\u00e9m a presidente da Funda\u00e7\u00e3o S\u00e3o Jo\u00e3o Batista (FSJB), Celi Cabral, e o diretor comercial da FSJB, prof. Wellington Giacomin, que trouxeram valiosas contribui\u00e7\u00f5es para o debate. O evento foi marcado por abordagens assertivas e reflexivas. Celi Cabral, da FSJB, trouxe \u00e0 tona uma preocupa\u00e7\u00e3o latente: o decl\u00ednio no n\u00famero de matr\u00edculas no Ensino Superior, tanto em institui\u00e7\u00f5es p\u00fablicas, quanto privadas. Ela instigou gestores p\u00fablicos e empres\u00e1rios a incentivarem servidores e colaboradores a buscarem por capacita\u00e7\u00e3o, ressaltando a import\u00e2ncia de institui\u00e7\u00f5es tradicionais confi\u00e1veis nesse processo. O questionamento lan\u00e7ado por Cabral sobre a vis\u00e3o dos presentes em rela\u00e7\u00e3o a esse cen\u00e1rio ecoou pelo audit\u00f3rio, provocando reflex\u00f5es profundas. Em resposta \u00e0 indaga\u00e7\u00e3o de Celi, Rafael Furlanetti e o vice-governador discutiram o cen\u00e1rio educacional, reconhecendo a necessidade de investimento e comprometimento com a forma\u00e7\u00e3o de m\u00e3o de obra qualificada, fundamental para o desenvolvimento econ\u00f4mico do estado e do pa\u00eds. Furlanetti, com sua expertise no mercado financeiro, enfatizou a relev\u00e2ncia do Esp\u00edrito Santo no contexto econ\u00f4mico atual, destacando a influ\u00eancia dos Estados Unidos na economia brasileira e capixaba. Al\u00e9m disso, apresentou casos de sucesso de ind\u00fastrias locais, como Placas do Brasil, Imetame, ESTEL, Grupo \u00c1guia Branca e FORTLEV, evidenciando a import\u00e2ncia do perfil arrojado dos empres\u00e1rios capixabas. O palestrante convidado abordou ainda a import\u00e2ncia da educa\u00e7\u00e3o em tempos de crise, ressaltando que a qualifica\u00e7\u00e3o \u00e9 essencial para acompanhar as constantes transforma\u00e7\u00f5es no Brasil e no mundo. \u201cEmpresas carecem de m\u00e3o de obra qualificada. E como o estado e o munic\u00edpio est\u00e3o com v\u00e1rias novas empresas se instalando, bem como v\u00e1rias expans\u00f5es, o momento de se qualificar e preparar \u00e9 agora\u201d, destacou Furlanetti. Em um momento de reflex\u00e3o sobre os desafios e oportunidades que se apresentam tanto no Brasil quanto no mundo, Furlanetti ressaltou a import\u00e2ncia de focar em quest\u00f5es sob nosso controle e promover discuss\u00f5es construtivas. \u201cTemos que falar sobre assuntos que est\u00e3o sob nosso controle. Afinal, h\u00e1 muita coisa que n\u00e3o conseguimos controlar. Esses bate-papos servem para isso. \u00c9 muito bom espalhar mensagens e levar o nome de nossa empresa tamb\u00e9m e promover boas discuss\u00f5es. Somente assim, geramos bons neg\u00f3cios\u201d, concluiu o palestrante convidado. O Caf\u00e9 da Manh\u00e3 promovido pela AMEAR serviu n\u00e3o apenas como um espa\u00e7o para networking e troca de ideias, mas tamb\u00e9m como um catalisador para a\u00e7\u00f5es concretas voltadas para o fortalecimento da economia local e o desenvolvimento sustent\u00e1vel de Aracruz e regi\u00e3o. O evento encerrou-se deixando reflex\u00f5es valiosas sobre o papel da educa\u00e7\u00e3o e do empreendedorismo no mundo do neg\u00f3cio. Por fim, fica claro que eventos como este n\u00e3o apenas iluminam os desafios que enfrentamos, mas tamb\u00e9m destacam as oportunidades que est\u00e3o ao nosso alcance, reafirmando o compromisso coletivo de moldar um futuro pr\u00f3spero e inclusivo para todos os capixabas, refor\u00e7ando a import\u00e2ncia do di\u00e1logo e do compartilhamento de conhecimento para o fortalecimento do setor empresarial em todo o estado do Esp\u00edrito Santo. Texto: Alessandro Bitti E-mail: comunicacao@fsjb.edu.br alessandro@fsjb.edu.br Data da publica\u00e7\u00e3o: 14\/05\/2024<\/p>\n","protected":false},"author":1,"featured_media":2833,"comment_status":"closed","ping_status":"closed","sticky":false,"template":"","format":"standard","meta":{"om_disable_all_campaigns":false,"_exactmetrics_skip_tracking":false,"_exactmetrics_sitenote_active":false,"_exactmetrics_sitenote_note":"","_exactmetrics_sitenote_category":0,"_monsterinsights_skip_tracking":false,"_monsterinsights_sitenote_active":false,"_monsterinsights_sitenote_note":"","_monsterinsights_sitenote_category":0,"_uf_show_specific_survey":0,"_uf_disable_surveys":false,"footnotes":""},"categories":[5],"tags":[],"class_list":["post-2832","post","type-post","status-publish","format-standard","has-post-thumbnail","hentry","category-fsjb"],"aioseo_notices":[],"_links":{"self":[{"href":"https:\/\/fsjb.edu.br\/portal\/wp-json\/wp\/v2\/posts\/2832","targetHints":{"allow":["GET"]}}],"collection":[{"href":"https:\/\/fsjb.edu.br\/portal\/wp-json\/wp\/v2\/posts"}],"about":[{"href":"https:\/\/fsjb.edu.br\/portal\/wp-json\/wp\/v2\/types\/post"}],"author":[{"embeddable":true,"href":"https:\/\/fsjb.edu.br\/portal\/wp-json\/wp\/v2\/users\/1"}],"replies":[{"embeddable":true,"href":"https:\/\/fsjb.edu.br\/portal\/wp-json\/wp\/v2\/comments?post=2832"}],"version-history":[{"count":0,"href":"https:\/\/fsjb.edu.br\/portal\/wp-json\/wp\/v2\/posts\/2832\/revisions"}],"wp:featuredmedia":[{"embeddable":true,"href":"https:\/\/fsjb.edu.br\/portal\/wp-json\/wp\/v2\/media\/2833"}],"wp:attachment":[{"href":"https:\/\/fsjb.edu.br\/portal\/wp-json\/wp\/v2\/media?parent=2832"}],"wp:term":[{"taxonomy":"category","embeddable":true,"href":"https:\/\/fsjb.edu.br\/portal\/wp-json\/wp\/v2\/categories?post=2832"},{"taxonomy":"post_tag","embeddable":true,"href":"https:\/\/fsjb.edu.br\/portal\/wp-json\/wp\/v2\/tags?post=2832"}],"curies":[{"name":"wp","href":"https:\/\/api.w.org\/{rel}","templated":true}]}}