{"id":2819,"date":"2024-04-04T09:41:26","date_gmt":"2024-04-04T12:41:26","guid":{"rendered":"http:\/\/fsjb.edu.br\/portal\/?p=2819"},"modified":"2024-04-04T09:41:26","modified_gmt":"2024-04-04T12:41:26","slug":"fundacao-sao-joao-batista-e-instituto-victor-guedes-promovem-curso-de-oratoria","status":"publish","type":"post","link":"https:\/\/fsjb.edu.br\/portal\/fundacao-sao-joao-batista-e-instituto-victor-guedes-promovem-curso-de-oratoria\/","title":{"rendered":"Funda\u00e7\u00e3o S\u00e3o Jo\u00e3o Batista e Instituto Victor Guedes promovem Curso de Orat\u00f3ria"},"content":{"rendered":"<figure id=\"attachment_2820\" aria-describedby=\"caption-attachment-2820\" style=\"width: 600px\" class=\"wp-caption aligncenter\"><img fetchpriority=\"high\" decoding=\"async\" class=\"wp-image-2820 size-full\" src=\"https:\/\/fsjb.edu.br\/wp-content\/uploads\/2024\/04\/foto_04_04_24_03-1.jpg\" alt=\"\" width=\"600\" height=\"450\" srcset=\"https:\/\/fsjb.edu.br\/portal\/wp-content\/uploads\/2024\/04\/foto_04_04_24_03-1.jpg 600w, https:\/\/fsjb.edu.br\/portal\/wp-content\/uploads\/2024\/04\/foto_04_04_24_03-1-300x225.jpg 300w\" sizes=\"(max-width: 600px) 100vw, 600px\" \/><figcaption id=\"caption-attachment-2820\" class=\"wp-caption-text\">Fotos: Divulga\u00e7\u00e3o<\/figcaption><\/figure>\n<p>A <a href=\"http:\/\/fsjb.edu.br\/portal\/\" target=\"_blank\" rel=\"noopener noreferrer\"><strong>Funda\u00e7\u00e3o S\u00e3o Jo\u00e3o Batista (FSJB)<\/strong><\/a> em parceria com o <a href=\"https:\/\/victorguedes.com.br\/\" target=\"_blank\" rel=\"noopener noreferrer\"><strong>Instituto Victor Guedes<\/strong><\/a> realizou um curso de Orat\u00f3ria, nos dias 22 e 23 de mar\u00e7o, para os colaboradores do <a href=\"https:\/\/www.idcap.org.br\/\" target=\"_blank\" rel=\"noopener noreferrer\"><strong>Instituto de Desenvolvimento e Capacita\u00e7\u00e3o (IDCAP),<\/strong><\/a> unidade Aracruz. O curso foi ministrado nas depend\u00eancias da FSJB pelo psic\u00f3logo, professor e mentor de neg\u00f3cios, Victor Guedes, proporcionando aos participantes uma jornada marcante rumo \u00e0 excel\u00eancia na comunica\u00e7\u00e3o.<\/p>\n<p>Victor Guedes, reconhecido por sua expertise em Gerenciamento de Projetos e Gest\u00e3o de Pessoas, al\u00e9m de sua vasta experi\u00eancia em estrat\u00e9gias empresariais, trouxe aos participantes conhecimentos fundamentais para o desenvolvimento das habilidades de orat\u00f3ria e comunica\u00e7\u00e3o eficaz. Os colaboradores da IDCAP foram recepcionados pelo diretor comercial da FSJB, prof. Wellington Lozer Giacomin, que ressaltou a import\u00e2ncia de investir no capital intelectual de uma institui\u00e7\u00e3o, destacando o compromisso da Funda\u00e7\u00e3o em promover o aprimoramento profissional dos trabalhadores.<\/p>\n<p><em>\u201cPara n\u00f3s, da Funda\u00e7\u00e3o S\u00e3o Jo\u00e3o Batista, \u00e9 sempre gratificante pensar em um curso que vise o aprimoramento profissional de um trabalhador, especialmente, por acreditarmos no poder do ensino e do conhecimento na vida de qualquer pessoa. Quando o IDCAP nos procurou, pensamos em trazer um dos melhores cursos que o mercado poderia oferecer, da\u00ed a parceria com o Victor Guedes\u201d,<\/em> explicou o diretor comercial da FSJB.<\/p>\n<p>A presidente da FSJB, Celi Cabral, expressou sua satisfa\u00e7\u00e3o em ampliar o portf\u00f3lio de servi\u00e7os da Funda\u00e7\u00e3o, reafirmando o compromisso com a educa\u00e7\u00e3o e o desenvolvimento pessoal e profissional dos colaboradores da regi\u00e3o. <em>\u201cEduca\u00e7\u00e3o est\u00e1 no DNA de nossas institui\u00e7\u00f5es, especialmente a FSJB, que \u00e9 mantenedora do <a href=\"http:\/\/www.cearacruz.com.br\/portal\/\" target=\"_blank\" rel=\"noopener noreferrer\"><strong>CEA <\/strong><\/a>e da<a href=\"http:\/\/www.faacz.com.br\/portal\/\" target=\"_blank\" rel=\"noopener noreferrer\"> <strong>FAACZ.<\/strong><\/a> Estamos proporcionando uma nova oferta de treinamento customizado, visando o aprimoramento pessoal e profissional de trabalhadores. Temos ainda em nosso portf\u00f3lio, organiza\u00e7\u00e3o de concursos, mapeamento e diagn\u00f3stico de processos de neg\u00f3cios, dentre outros servi\u00e7os\u201d, <\/em>afirmou Cabral.<\/p>\n<p>Dentre os conte\u00fados abordados elencamos: o desenvolvimento da gest\u00e3o emocional em situa\u00e7\u00f5es de comunica\u00e7\u00e3o, habilidades de discurso, condu\u00e7\u00e3o de reuni\u00f5es e apresenta\u00e7\u00f5es de maneira clara e segura, postura profissional e estrat\u00e9gias para aumentar a lucratividade do neg\u00f3cio por meio da comunica\u00e7\u00e3o eficaz em m\u00eddias digitais.<\/p>\n<p>Milena Gorza, integrante do Setor Jur\u00eddico, compartilhou entusiasmada sua experi\u00eancia:<em> \u201cA mentoria em orat\u00f3ria foi uma experi\u00eancia incr\u00edvel. O curso proporcionou um ambiente estimulante e enriquecedor, aprimorando minhas habilidades de comunica\u00e7\u00e3o. O mentor Victor Guedes foi excepcional, demonstrando profundo conhecimento e oferecendo insights valiosos para desenvolver minha confian\u00e7a e efic\u00e1cia em apresenta\u00e7\u00f5es. A abordagem pr\u00e1tica do curso tamb\u00e9m contribuiu significativamente para o meu crescimento pessoal e profissional. Foi demais\u201d.<\/em><\/p>\n<figure id=\"attachment_2821\" aria-describedby=\"caption-attachment-2821\" style=\"width: 600px\" class=\"wp-caption aligncenter\"><img decoding=\"async\" class=\"wp-image-2821 size-full\" src=\"https:\/\/fsjb.edu.br\/wp-content\/uploads\/2024\/04\/foto_04_04_24_04-1.jpg\" alt=\"\" width=\"600\" height=\"450\" srcset=\"https:\/\/fsjb.edu.br\/portal\/wp-content\/uploads\/2024\/04\/foto_04_04_24_04-1.jpg 600w, https:\/\/fsjb.edu.br\/portal\/wp-content\/uploads\/2024\/04\/foto_04_04_24_04-1-300x225.jpg 300w\" sizes=\"(max-width: 600px) 100vw, 600px\" \/><figcaption id=\"caption-attachment-2821\" class=\"wp-caption-text\">O professor e mentor de neg\u00f3cios, Victor Guedes<\/figcaption><\/figure>\n<p>Leandra Mendes, do Setor Psicol\u00f3gico, compartilhou a mesma satisfa\u00e7\u00e3o: <em>\u201cO curso de Orat\u00f3ria trouxe a oportunidade de aprimorar habilidades ligadas \u00e0 comunica\u00e7\u00e3o. Victor Guedes, atrav\u00e9s de uma linguagem leve, acess\u00edvel e segura, transmitiu conceitos importantes sobre comunica\u00e7\u00e3o, al\u00e9m de ensinar o passo a passo para uma comunica\u00e7\u00e3o clara e assertiva, em reuni\u00f5es, palestras, apresenta\u00e7\u00f5es e o principal, dentro do nosso dia a dia. O curso contou com v\u00e1rias atividades pr\u00e1ticas, atrav\u00e9s das quais pudemos nos expor ao risco em um espa\u00e7o controlado e seguro. Foi uma excelente experi\u00eancia, que contribuiu positivamente para minha forma\u00e7\u00e3o pessoal\u201d.<\/em><\/p>\n<p>Edn\u00e9ia Nunes, do Setor de Qualidade, refor\u00e7ou a import\u00e2ncia do curso: <em>\u201cFoi um curso muito proveitoso, din\u00e2mico e repleto de conhecimentos, ora j\u00e1 sabidos por todos, ora desconhecidos. O palestrante se mostrou muito preparado, espont\u00e2neo, a todo momento envolvia os integrantes, fazendo-os quebrar barreiras; o tema foi muito relevante e necess\u00e1rio para todos, j\u00e1 que nossa demanda di\u00e1ria nos remete a ter uma interlocu\u00e7\u00e3o mais assertiva, seja em reuni\u00f5es, apresenta\u00e7\u00e3o da empresa, como no nosso cotidiano\u201d.<\/em><\/p>\n<p>Let\u00edcia Crestan, do Setor de Treinamento, ressaltou a transforma\u00e7\u00e3o proporcionada pelo curso: <em>\u201cParticipar do curso de orat\u00f3ria foi uma experi\u00eancia \u00fanica e transformadora. Aprendi t\u00e9cnicas valiosas para melhorar minha comunica\u00e7\u00e3o e express\u00e3o verbal. Victor Guedes com sua abordagem cativante e exemplos pr\u00e1ticos tornaram o aprendizado envolvente e f\u00e1cil de aplicar. Recomendo este curso a todos que desejam aprimorar suas habilidades de falar em p\u00fablico. Obrigado ao instrutor e \u00e0 equipe pelo excelente trabalho\u201d.<\/em><\/p>\n<p>Elivane Monteiro, da Gest\u00e3o de Pessoas, destacou a qualidade do curso: <em>\u201cO curso de Orat\u00f3ria ofertado pela FSJB foi enriquecedor para nossas equipes, al\u00e9m da \u00f3tima instala\u00e7\u00e3o\/estrutura, e a calorosa recep\u00e7\u00e3o do diretor comercial Wellington Giacomin. O instrutor Victor Guedes mostrou a que veio com apresenta\u00e7\u00e3o do conte\u00fado de forma divertida e din\u00e2mica, passando pelos itens de linguagem corporal, entona\u00e7\u00e3o da voz, movimentos, olhar e j\u00e1 nos envolveu para pr\u00e1tica de falar em p\u00fablico em meio \u00e0 aula. Fant\u00e1stico\u201d.<\/em><\/p>\n<p>Margarele Evangelista, tamb\u00e9m do Setor de Treinamento, concluiu: <em>\u201cO curso de Orat\u00f3ria ministrado por Victor Guedes em parceria com a Funda\u00e7\u00e3o S\u00e3o Jo\u00e3o Batista, foi apresentado de forma clara e estruturada, abordando os principais aspectos da orat\u00f3ria de maneira abrangente. Aprendi t\u00e9cnicas eficazes para melhorar minha express\u00e3o verbal, postura corporal, uso adequado de gestos e controle do nervosismo ao falar em p\u00fablico\u201d.<\/em><\/p>\n<p>Podemos afirmar que o curso de Orat\u00f3ria foi uma iniciativa de sucesso, contribuindo significativamente para o desenvolvimento profissional e pessoal dos participantes, fortalecendo o compromisso das institui\u00e7\u00f5es com a capacita\u00e7\u00e3o e o crescimento da comunidade local. Para mais informa\u00e7\u00f5es sobre futuros cursos e servi\u00e7os oferecidos pela Funda\u00e7\u00e3o S\u00e3o Jo\u00e3o Batista, os interessados podem entrar em contato atrav\u00e9s do site oficial (<a href=\"http:\/\/fsjb.edu.br\/portal\/\" target=\"_blank\" rel=\"noopener noreferrer\"><strong>fsjb.edu.br<\/strong><\/a>) ou das redes sociais da institui\u00e7\u00e3o.<\/p>\n<p><em><strong>Texto: Alessandro Bitti<\/strong><\/em><br \/>\n<em>E-mail: comunicacao@fsjb.edu.br<\/em><em><br \/>\nalessandro@fsjb.edu.br<\/em><\/p>\n<p>Data da publica\u00e7\u00e3o: 04\/04\/2024<\/p>\n","protected":false},"excerpt":{"rendered":"<p>A Funda\u00e7\u00e3o S\u00e3o Jo\u00e3o Batista (FSJB) em parceria com o Instituto Victor Guedes realizou um curso de Orat\u00f3ria, nos dias 22 e 23 de mar\u00e7o, para os colaboradores do Instituto de Desenvolvimento e Capacita\u00e7\u00e3o (IDCAP), unidade Aracruz. O curso foi ministrado nas depend\u00eancias da FSJB pelo psic\u00f3logo, professor e mentor de neg\u00f3cios, Victor Guedes, proporcionando aos participantes uma jornada marcante rumo \u00e0 excel\u00eancia na comunica\u00e7\u00e3o. Victor Guedes, reconhecido por sua expertise em Gerenciamento de Projetos e Gest\u00e3o de Pessoas, al\u00e9m de sua vasta experi\u00eancia em estrat\u00e9gias empresariais, trouxe aos participantes conhecimentos fundamentais para o desenvolvimento das habilidades de orat\u00f3ria e comunica\u00e7\u00e3o eficaz. Os colaboradores da IDCAP foram recepcionados pelo diretor comercial da FSJB, prof. Wellington Lozer Giacomin, que ressaltou a import\u00e2ncia de investir no capital intelectual de uma institui\u00e7\u00e3o, destacando o compromisso da Funda\u00e7\u00e3o em promover o aprimoramento profissional dos trabalhadores. \u201cPara n\u00f3s, da Funda\u00e7\u00e3o S\u00e3o Jo\u00e3o Batista, \u00e9 sempre gratificante pensar em um curso que vise o aprimoramento profissional de um trabalhador, especialmente, por acreditarmos no poder do ensino e do conhecimento na vida de qualquer pessoa. Quando o IDCAP nos procurou, pensamos em trazer um dos melhores cursos que o mercado poderia oferecer, da\u00ed a parceria com o Victor Guedes\u201d, explicou o diretor comercial da FSJB. A presidente da FSJB, Celi Cabral, expressou sua satisfa\u00e7\u00e3o em ampliar o portf\u00f3lio de servi\u00e7os da Funda\u00e7\u00e3o, reafirmando o compromisso com a educa\u00e7\u00e3o e o desenvolvimento pessoal e profissional dos colaboradores da regi\u00e3o. \u201cEduca\u00e7\u00e3o est\u00e1 no DNA de nossas institui\u00e7\u00f5es, especialmente a FSJB, que \u00e9 mantenedora do CEA e da FAACZ. Estamos proporcionando uma nova oferta de treinamento customizado, visando o aprimoramento pessoal e profissional de trabalhadores. Temos ainda em nosso portf\u00f3lio, organiza\u00e7\u00e3o de concursos, mapeamento e diagn\u00f3stico de processos de neg\u00f3cios, dentre outros servi\u00e7os\u201d, afirmou Cabral. Dentre os conte\u00fados abordados elencamos: o desenvolvimento da gest\u00e3o emocional em situa\u00e7\u00f5es de comunica\u00e7\u00e3o, habilidades de discurso, condu\u00e7\u00e3o de reuni\u00f5es e apresenta\u00e7\u00f5es de maneira clara e segura, postura profissional e estrat\u00e9gias para aumentar a lucratividade do neg\u00f3cio por meio da comunica\u00e7\u00e3o eficaz em m\u00eddias digitais. Milena Gorza, integrante do Setor Jur\u00eddico, compartilhou entusiasmada sua experi\u00eancia: \u201cA mentoria em orat\u00f3ria foi uma experi\u00eancia incr\u00edvel. O curso proporcionou um ambiente estimulante e enriquecedor, aprimorando minhas habilidades de comunica\u00e7\u00e3o. O mentor Victor Guedes foi excepcional, demonstrando profundo conhecimento e oferecendo insights valiosos para desenvolver minha confian\u00e7a e efic\u00e1cia em apresenta\u00e7\u00f5es. A abordagem pr\u00e1tica do curso tamb\u00e9m contribuiu significativamente para o meu crescimento pessoal e profissional. Foi demais\u201d. Leandra Mendes, do Setor Psicol\u00f3gico, compartilhou a mesma satisfa\u00e7\u00e3o: \u201cO curso de Orat\u00f3ria trouxe a oportunidade de aprimorar habilidades ligadas \u00e0 comunica\u00e7\u00e3o. Victor Guedes, atrav\u00e9s de uma linguagem leve, acess\u00edvel e segura, transmitiu conceitos importantes sobre comunica\u00e7\u00e3o, al\u00e9m de ensinar o passo a passo para uma comunica\u00e7\u00e3o clara e assertiva, em reuni\u00f5es, palestras, apresenta\u00e7\u00f5es e o principal, dentro do nosso dia a dia. O curso contou com v\u00e1rias atividades pr\u00e1ticas, atrav\u00e9s das quais pudemos nos expor ao risco em um espa\u00e7o controlado e seguro. Foi uma excelente experi\u00eancia, que contribuiu positivamente para minha forma\u00e7\u00e3o pessoal\u201d. Edn\u00e9ia Nunes, do Setor de Qualidade, refor\u00e7ou a import\u00e2ncia do curso: \u201cFoi um curso muito proveitoso, din\u00e2mico e repleto de conhecimentos, ora j\u00e1 sabidos por todos, ora desconhecidos. O palestrante se mostrou muito preparado, espont\u00e2neo, a todo momento envolvia os integrantes, fazendo-os quebrar barreiras; o tema foi muito relevante e necess\u00e1rio para todos, j\u00e1 que nossa demanda di\u00e1ria nos remete a ter uma interlocu\u00e7\u00e3o mais assertiva, seja em reuni\u00f5es, apresenta\u00e7\u00e3o da empresa, como no nosso cotidiano\u201d. Let\u00edcia Crestan, do Setor de Treinamento, ressaltou a transforma\u00e7\u00e3o proporcionada pelo curso: \u201cParticipar do curso de orat\u00f3ria foi uma experi\u00eancia \u00fanica e transformadora. Aprendi t\u00e9cnicas valiosas para melhorar minha comunica\u00e7\u00e3o e express\u00e3o verbal. Victor Guedes com sua abordagem cativante e exemplos pr\u00e1ticos tornaram o aprendizado envolvente e f\u00e1cil de aplicar. Recomendo este curso a todos que desejam aprimorar suas habilidades de falar em p\u00fablico. Obrigado ao instrutor e \u00e0 equipe pelo excelente trabalho\u201d. Elivane Monteiro, da Gest\u00e3o de Pessoas, destacou a qualidade do curso: \u201cO curso de Orat\u00f3ria ofertado pela FSJB foi enriquecedor para nossas equipes, al\u00e9m da \u00f3tima instala\u00e7\u00e3o\/estrutura, e a calorosa recep\u00e7\u00e3o do diretor comercial Wellington Giacomin. O instrutor Victor Guedes mostrou a que veio com apresenta\u00e7\u00e3o do conte\u00fado de forma divertida e din\u00e2mica, passando pelos itens de linguagem corporal, entona\u00e7\u00e3o da voz, movimentos, olhar e j\u00e1 nos envolveu para pr\u00e1tica de falar em p\u00fablico em meio \u00e0 aula. Fant\u00e1stico\u201d. Margarele Evangelista, tamb\u00e9m do Setor de Treinamento, concluiu: \u201cO curso de Orat\u00f3ria ministrado por Victor Guedes em parceria com a Funda\u00e7\u00e3o S\u00e3o Jo\u00e3o Batista, foi apresentado de forma clara e estruturada, abordando os principais aspectos da orat\u00f3ria de maneira abrangente. Aprendi t\u00e9cnicas eficazes para melhorar minha express\u00e3o verbal, postura corporal, uso adequado de gestos e controle do nervosismo ao falar em p\u00fablico\u201d. Podemos afirmar que o curso de Orat\u00f3ria foi uma iniciativa de sucesso, contribuindo significativamente para o desenvolvimento profissional e pessoal dos participantes, fortalecendo o compromisso das institui\u00e7\u00f5es com a capacita\u00e7\u00e3o e o crescimento da comunidade local. Para mais informa\u00e7\u00f5es sobre futuros cursos e servi\u00e7os oferecidos pela Funda\u00e7\u00e3o S\u00e3o Jo\u00e3o Batista, os interessados podem entrar em contato atrav\u00e9s do site oficial (fsjb.edu.br) ou das redes sociais da institui\u00e7\u00e3o. Texto: Alessandro Bitti E-mail: comunicacao@fsjb.edu.br alessandro@fsjb.edu.br Data da publica\u00e7\u00e3o: 04\/04\/2024<\/p>\n","protected":false},"author":1,"featured_media":2820,"comment_status":"closed","ping_status":"closed","sticky":false,"template":"","format":"standard","meta":{"om_disable_all_campaigns":false,"_exactmetrics_skip_tracking":false,"_exactmetrics_sitenote_active":false,"_exactmetrics_sitenote_note":"","_exactmetrics_sitenote_category":0,"_monsterinsights_skip_tracking":false,"_monsterinsights_sitenote_active":false,"_monsterinsights_sitenote_note":"","_monsterinsights_sitenote_category":0,"_uf_show_specific_survey":0,"_uf_disable_surveys":false,"footnotes":""},"categories":[5],"tags":[],"class_list":["post-2819","post","type-post","status-publish","format-standard","has-post-thumbnail","hentry","category-fsjb"],"aioseo_notices":[],"_links":{"self":[{"href":"https:\/\/fsjb.edu.br\/portal\/wp-json\/wp\/v2\/posts\/2819","targetHints":{"allow":["GET"]}}],"collection":[{"href":"https:\/\/fsjb.edu.br\/portal\/wp-json\/wp\/v2\/posts"}],"about":[{"href":"https:\/\/fsjb.edu.br\/portal\/wp-json\/wp\/v2\/types\/post"}],"author":[{"embeddable":true,"href":"https:\/\/fsjb.edu.br\/portal\/wp-json\/wp\/v2\/users\/1"}],"replies":[{"embeddable":true,"href":"https:\/\/fsjb.edu.br\/portal\/wp-json\/wp\/v2\/comments?post=2819"}],"version-history":[{"count":0,"href":"https:\/\/fsjb.edu.br\/portal\/wp-json\/wp\/v2\/posts\/2819\/revisions"}],"wp:featuredmedia":[{"embeddable":true,"href":"https:\/\/fsjb.edu.br\/portal\/wp-json\/wp\/v2\/media\/2820"}],"wp:attachment":[{"href":"https:\/\/fsjb.edu.br\/portal\/wp-json\/wp\/v2\/media?parent=2819"}],"wp:term":[{"taxonomy":"category","embeddable":true,"href":"https:\/\/fsjb.edu.br\/portal\/wp-json\/wp\/v2\/categories?post=2819"},{"taxonomy":"post_tag","embeddable":true,"href":"https:\/\/fsjb.edu.br\/portal\/wp-json\/wp\/v2\/tags?post=2819"}],"curies":[{"name":"wp","href":"https:\/\/api.w.org\/{rel}","templated":true}]}}