{"id":2732,"date":"2023-10-03T12:26:43","date_gmt":"2023-10-03T15:26:43","guid":{"rendered":"http:\/\/fsjb.edu.br\/portal\/?p=2732"},"modified":"2023-10-03T12:26:43","modified_gmt":"2023-10-03T15:26:43","slug":"37-anos-de-historia-solenidade-militar-do-5o-bpm-do-espirito-santo-celebra-uma-trajetoria-de-compromisso-e-dedicacao","status":"publish","type":"post","link":"https:\/\/fsjb.edu.br\/portal\/37-anos-de-historia-solenidade-militar-do-5o-bpm-do-espirito-santo-celebra-uma-trajetoria-de-compromisso-e-dedicacao\/","title":{"rendered":"37 anos de hist\u00f3ria: Solenidade militar do 5\u00ba BPM do Esp\u00edrito Santo celebra uma trajet\u00f3ria de compromisso e dedica\u00e7\u00e3o"},"content":{"rendered":"<figure id=\"attachment_2733\" aria-describedby=\"caption-attachment-2733\" style=\"width: 600px\" class=\"wp-caption aligncenter\"><img fetchpriority=\"high\" decoding=\"async\" class=\"wp-image-2733 size-full\" src=\"https:\/\/fsjb.edu.br\/wp-content\/uploads\/2023\/10\/foto_03_10_23_01-1.jpg\" alt=\"\" width=\"600\" height=\"450\" srcset=\"https:\/\/fsjb.edu.br\/portal\/wp-content\/uploads\/2023\/10\/foto_03_10_23_01-1.jpg 600w, https:\/\/fsjb.edu.br\/portal\/wp-content\/uploads\/2023\/10\/foto_03_10_23_01-1-300x225.jpg 300w\" sizes=\"(max-width: 600px) 100vw, 600px\" \/><figcaption id=\"caption-attachment-2733\" class=\"wp-caption-text\">Fotos: Soldado Hander, do 5\u00ba BPM.<\/figcaption><\/figure>\n<p>Na \u00faltima quinta-feira, dia 28 de setembro, o audit\u00f3rio da <a href=\"http:\/\/fsjb.edu.br\/portal\/\" target=\"_blank\" rel=\"noopener noreferrer\"><strong>Funda\u00e7\u00e3o S\u00e3o Jo\u00e3o Batista (FSJB),<\/strong> <\/a>mantenedora da <a href=\"http:\/\/www.faacz.com.br\/portal\/\" target=\"_blank\" rel=\"noopener noreferrer\"><strong>FAACZ (Faculdades Integradas Aracruz)<\/strong><\/a> e do <a href=\"http:\/\/www.cearacruz.com.br\/portal\/\" target=\"_blank\" rel=\"noopener noreferrer\"><strong>CEA (Centro Educacional de Aracruz),<\/strong> <\/a>foi palco de uma solenidade militar repleta de honras e reconhecimentos.<\/p>\n<p>Este evento hist\u00f3rico teve como objetivo celebrar os 37 anos de instala\u00e7\u00e3o do <a href=\"https:\/\/pm.es.gov.br\/quinto-batalhao-de-policia-militar\" target=\"_blank\" rel=\"noopener noreferrer\"><strong>5\u00ba Batalh\u00e3o da Pol\u00edcia Militar (BPM)<\/strong><\/a> do Esp\u00edrito Santo, uma data que marca n\u00e3o apenas o anivers\u00e1rio da unidade, mas tamb\u00e9m uma hist\u00f3ria de compromisso e dedica\u00e7\u00e3o \u00e0 comunidade capixaba.<\/p>\n<p>Oficialmente criado em 03 de setembro, o 5\u00ba BPM teve sua instala\u00e7\u00e3o inicial no Quartel do Comando Geral da Corpora\u00e7\u00e3o, em Maru\u00edpe, Vit\u00f3ria (ES). No entanto, sua expans\u00e3o levou-o para novos territ\u00f3rios, transferindo-o para o Parque de Exposi\u00e7\u00f5es \u201cFloriano Varej\u00e3o\u201d, em Carapina, Serra (ES), em 1988, e, finalmente, estabelecendo sua sede definitiva em Aracruz (ES), onde permanece at\u00e9 os dias atuais.<\/p>\n<div id='gallery-1' class='gallery galleryid-2732 gallery-columns-3 gallery-size-large'><figure class='gallery-item'>\n\t\t\t<div class='gallery-icon landscape'>\n\t\t\t\t<a href='https:\/\/fsjb.edu.br\/portal\/37-anos-de-historia-solenidade-militar-do-5o-bpm-do-espirito-santo-celebra-uma-trajetoria-de-compromisso-e-dedicacao\/foto_03_10_23_02\/'><img decoding=\"async\" width=\"600\" height=\"450\" src=\"https:\/\/fsjb.edu.br\/portal\/wp-content\/uploads\/2023\/10\/foto_03_10_23_02-1.jpg\" class=\"attachment-large size-large\" alt=\"\" srcset=\"https:\/\/fsjb.edu.br\/portal\/wp-content\/uploads\/2023\/10\/foto_03_10_23_02-1.jpg 600w, https:\/\/fsjb.edu.br\/portal\/wp-content\/uploads\/2023\/10\/foto_03_10_23_02-1-300x225.jpg 300w\" sizes=\"(max-width: 600px) 100vw, 600px\" \/><\/a>\n\t\t\t<\/div><\/figure><figure class='gallery-item'>\n\t\t\t<div class='gallery-icon landscape'>\n\t\t\t\t<a href='https:\/\/fsjb.edu.br\/portal\/37-anos-de-historia-solenidade-militar-do-5o-bpm-do-espirito-santo-celebra-uma-trajetoria-de-compromisso-e-dedicacao\/foto_03_10_23_03\/'><img decoding=\"async\" width=\"600\" height=\"450\" src=\"https:\/\/fsjb.edu.br\/portal\/wp-content\/uploads\/2023\/10\/foto_03_10_23_03-1.jpg\" class=\"attachment-large size-large\" alt=\"\" srcset=\"https:\/\/fsjb.edu.br\/portal\/wp-content\/uploads\/2023\/10\/foto_03_10_23_03-1.jpg 600w, https:\/\/fsjb.edu.br\/portal\/wp-content\/uploads\/2023\/10\/foto_03_10_23_03-1-300x225.jpg 300w\" sizes=\"(max-width: 600px) 100vw, 600px\" \/><\/a>\n\t\t\t<\/div><\/figure><figure class='gallery-item'>\n\t\t\t<div class='gallery-icon landscape'>\n\t\t\t\t<a href='https:\/\/fsjb.edu.br\/portal\/37-anos-de-historia-solenidade-militar-do-5o-bpm-do-espirito-santo-celebra-uma-trajetoria-de-compromisso-e-dedicacao\/foto_03_10_23_04\/'><img loading=\"lazy\" decoding=\"async\" width=\"600\" height=\"450\" src=\"https:\/\/fsjb.edu.br\/portal\/wp-content\/uploads\/2023\/10\/foto_03_10_23_04-1.jpg\" class=\"attachment-large size-large\" alt=\"\" srcset=\"https:\/\/fsjb.edu.br\/portal\/wp-content\/uploads\/2023\/10\/foto_03_10_23_04-1.jpg 600w, https:\/\/fsjb.edu.br\/portal\/wp-content\/uploads\/2023\/10\/foto_03_10_23_04-1-300x225.jpg 300w\" sizes=\"(max-width: 600px) 100vw, 600px\" \/><\/a>\n\t\t\t<\/div><\/figure>\n\t\t<\/div>\n\n<p>A solenidade foi um evento grandioso que reuniu oficiais e pra\u00e7as da corpora\u00e7\u00e3o militar em uma celebra\u00e7\u00e3o que homenageou diversos grupos e personalidades que contribu\u00edram para o sucesso e a excel\u00eancia do 5\u00ba BPM. Entre os momentos mais emocionantes da cerim\u00f4nia, destacaram-se:<\/p>\n<p><strong>&#8211; Reconhecimento aos Destaques:<\/strong> Os policiais militares que se destacaram em produtividade durante o 1\u00b0 Semestre de 2023 foram homenageados por seus esfor\u00e7os e dedica\u00e7\u00e3o \u00e0 comunidade.<\/p>\n<p><strong>&#8211; Reserva Remunerada:<\/strong> Os membros que incorporaram o quadro da Reserva Remunerada receberam reconhecimento por sua longa e dedicada carreira.<\/p>\n<p><strong>&#8211; Amigos do 5\u00b0 Batalh\u00e3o da Pol\u00edcia Militar:<\/strong> Personalidades que demonstraram apoio cont\u00ednuo e compromisso com a unidade foram agraciadas com este t\u00edtulo.<\/p>\n<p><strong>&#8211; Medalha \u201cVasco Fernandes Coutinho\u201d:<\/strong> A condecora\u00e7\u00e3o da medalha teve como objetivo reconhecer e prestigiar as autoridades que contribu\u00edram e contribuem para a consolida\u00e7\u00e3o, manuten\u00e7\u00e3o e expans\u00e3o dos servi\u00e7os prestados ao 5\u00b0 BPM.<\/p>\n<div id='gallery-2' class='gallery galleryid-2732 gallery-columns-3 gallery-size-large'><figure class='gallery-item'>\n\t\t\t<div class='gallery-icon landscape'>\n\t\t\t\t<a href='https:\/\/fsjb.edu.br\/portal\/37-anos-de-historia-solenidade-militar-do-5o-bpm-do-espirito-santo-celebra-uma-trajetoria-de-compromisso-e-dedicacao\/foto_03_10_23_05\/'><img loading=\"lazy\" decoding=\"async\" width=\"600\" height=\"450\" src=\"https:\/\/fsjb.edu.br\/portal\/wp-content\/uploads\/2023\/10\/foto_03_10_23_05-1.jpg\" class=\"attachment-large size-large\" alt=\"\" srcset=\"https:\/\/fsjb.edu.br\/portal\/wp-content\/uploads\/2023\/10\/foto_03_10_23_05-1.jpg 600w, https:\/\/fsjb.edu.br\/portal\/wp-content\/uploads\/2023\/10\/foto_03_10_23_05-1-300x225.jpg 300w\" sizes=\"(max-width: 600px) 100vw, 600px\" \/><\/a>\n\t\t\t<\/div><\/figure><figure class='gallery-item'>\n\t\t\t<div class='gallery-icon landscape'>\n\t\t\t\t<a href='https:\/\/fsjb.edu.br\/portal\/37-anos-de-historia-solenidade-militar-do-5o-bpm-do-espirito-santo-celebra-uma-trajetoria-de-compromisso-e-dedicacao\/foto_03_10_23_06\/'><img loading=\"lazy\" decoding=\"async\" width=\"600\" height=\"450\" src=\"https:\/\/fsjb.edu.br\/portal\/wp-content\/uploads\/2023\/10\/foto_03_10_23_06-1.jpg\" class=\"attachment-large size-large\" alt=\"\" srcset=\"https:\/\/fsjb.edu.br\/portal\/wp-content\/uploads\/2023\/10\/foto_03_10_23_06-1.jpg 600w, https:\/\/fsjb.edu.br\/portal\/wp-content\/uploads\/2023\/10\/foto_03_10_23_06-1-300x225.jpg 300w\" sizes=\"(max-width: 600px) 100vw, 600px\" \/><\/a>\n\t\t\t<\/div><\/figure><figure class='gallery-item'>\n\t\t\t<div class='gallery-icon landscape'>\n\t\t\t\t<a href='https:\/\/fsjb.edu.br\/portal\/37-anos-de-historia-solenidade-militar-do-5o-bpm-do-espirito-santo-celebra-uma-trajetoria-de-compromisso-e-dedicacao\/foto_03_10_23_07\/'><img loading=\"lazy\" decoding=\"async\" width=\"600\" height=\"450\" src=\"https:\/\/fsjb.edu.br\/portal\/wp-content\/uploads\/2023\/10\/foto_03_10_23_07-1.jpg\" class=\"attachment-large size-large\" alt=\"\" srcset=\"https:\/\/fsjb.edu.br\/portal\/wp-content\/uploads\/2023\/10\/foto_03_10_23_07-1.jpg 600w, https:\/\/fsjb.edu.br\/portal\/wp-content\/uploads\/2023\/10\/foto_03_10_23_07-1-300x225.jpg 300w\" sizes=\"(max-width: 600px) 100vw, 600px\" \/><\/a>\n\t\t\t<\/div><\/figure>\n\t\t<\/div>\n\n<p>A cerim\u00f4nia contou com a ilustre presen\u00e7a do Comandante do 2\u00ba CPOR (Pol\u00edcia Ostensiva Regional), Coronel Mario Marcelo Dal Col, e outras autoridades militares e civis. A presidente da Funda\u00e7\u00e3o S\u00e3o Jo\u00e3o Batista, Sr.\u00aa Celi Cabral, tamb\u00e9m marcou presen\u00e7a no evento, destacando a import\u00e2ncia da parceria entre a institui\u00e7\u00e3o e o 5\u00ba BPM.<\/p>\n<p>O Comandante do 2\u00ba CPOR, Coronel Mario Marcelo Dal Col, dirigiu palavras de reconhecimento a todos os presentes e parabenizou os militares do 5\u2070 Batalh\u00e3o por este significativo marco. J\u00e1 o Comandante do 5 \u00ba Batalh\u00e3o, Tenente-coronel Edsandro Vieira Crema, expressou sua gratid\u00e3o a todos que apoiaram a unidade ao longo dos anos e enfatizou o compromisso cont\u00ednuo do batalh\u00e3o com o povo capixaba.<\/p>\n<p>Um dos momentos mais tocantes do dia foi a chegada dos alunos do 2\u00ba Ano do Ensino Fundamental, turmas \u201cA\u201d e \u201cB\u201d, do Centro Educacional de Aracruz (CEA), acompanhados da professora regente do 2\u00ba Ano \u201cB\u201d, Maria da Penha Souza Moraes Rui, e da professora de Educa\u00e7\u00e3o F\u00edsica, Marinice Maziero.<\/p>\n<div id='gallery-3' class='gallery galleryid-2732 gallery-columns-3 gallery-size-large'><figure class='gallery-item'>\n\t\t\t<div class='gallery-icon landscape'>\n\t\t\t\t<a href='https:\/\/fsjb.edu.br\/portal\/37-anos-de-historia-solenidade-militar-do-5o-bpm-do-espirito-santo-celebra-uma-trajetoria-de-compromisso-e-dedicacao\/foto_03_10_23_08\/'><img loading=\"lazy\" decoding=\"async\" width=\"600\" height=\"450\" src=\"https:\/\/fsjb.edu.br\/portal\/wp-content\/uploads\/2023\/10\/foto_03_10_23_08-1.jpg\" class=\"attachment-large size-large\" alt=\"\" srcset=\"https:\/\/fsjb.edu.br\/portal\/wp-content\/uploads\/2023\/10\/foto_03_10_23_08-1.jpg 600w, https:\/\/fsjb.edu.br\/portal\/wp-content\/uploads\/2023\/10\/foto_03_10_23_08-1-300x225.jpg 300w\" sizes=\"(max-width: 600px) 100vw, 600px\" \/><\/a>\n\t\t\t<\/div><\/figure><figure class='gallery-item'>\n\t\t\t<div class='gallery-icon landscape'>\n\t\t\t\t<a href='https:\/\/fsjb.edu.br\/portal\/37-anos-de-historia-solenidade-militar-do-5o-bpm-do-espirito-santo-celebra-uma-trajetoria-de-compromisso-e-dedicacao\/foto_03_10_23_09\/'><img loading=\"lazy\" decoding=\"async\" width=\"600\" height=\"450\" src=\"https:\/\/fsjb.edu.br\/portal\/wp-content\/uploads\/2023\/10\/foto_03_10_23_09-1.jpg\" class=\"attachment-large size-large\" alt=\"\" srcset=\"https:\/\/fsjb.edu.br\/portal\/wp-content\/uploads\/2023\/10\/foto_03_10_23_09-1.jpg 600w, https:\/\/fsjb.edu.br\/portal\/wp-content\/uploads\/2023\/10\/foto_03_10_23_09-1-300x225.jpg 300w\" sizes=\"(max-width: 600px) 100vw, 600px\" \/><\/a>\n\t\t\t<\/div><\/figure><figure class='gallery-item'>\n\t\t\t<div class='gallery-icon landscape'>\n\t\t\t\t<a href='https:\/\/fsjb.edu.br\/portal\/37-anos-de-historia-solenidade-militar-do-5o-bpm-do-espirito-santo-celebra-uma-trajetoria-de-compromisso-e-dedicacao\/foto_03_10_23_10\/'><img loading=\"lazy\" decoding=\"async\" width=\"600\" height=\"450\" src=\"https:\/\/fsjb.edu.br\/portal\/wp-content\/uploads\/2023\/10\/foto_03_10_23_10-1.jpg\" class=\"attachment-large size-large\" alt=\"\" srcset=\"https:\/\/fsjb.edu.br\/portal\/wp-content\/uploads\/2023\/10\/foto_03_10_23_10-1.jpg 600w, https:\/\/fsjb.edu.br\/portal\/wp-content\/uploads\/2023\/10\/foto_03_10_23_10-1-300x225.jpg 300w\" sizes=\"(max-width: 600px) 100vw, 600px\" \/><\/a>\n\t\t\t<\/div><\/figure>\n\t\t<\/div>\n\n<p>Os alunos do CEA emocionaram a todos com uma singela homenagem ao 5\u00ba Batalh\u00e3o, ao aplaudirem os policiais como forma de agradecimento ao servi\u00e7o prestado \u00e0 popula\u00e7\u00e3o. Essa participa\u00e7\u00e3o simbolizou a liga\u00e7\u00e3o pr\u00f3xima entre o 5\u00ba BPM e a comunidade local, destacando o papel essencial da educa\u00e7\u00e3o e do apoio da sociedade na miss\u00e3o policial.<\/p>\n<p>No in\u00edcio da solenidade, todos os policiais militares presentes entoaram a \u201cCan\u00e7\u00e3o do Soldado Capixaba\u201d, o hino oficial da Pol\u00edcia Militar do Esp\u00edrito Santo (PMES), bem como o Hino Nacional Brasileiro. J\u00e1 no encerramento da cerim\u00f4nia, convidados e familiares dos militares presentes compartilharam um momento de confraterniza\u00e7\u00e3o, com direito a um bolo de anivers\u00e1rio, em comemora\u00e7\u00e3o aos 37 anos de cria\u00e7\u00e3o do 5\u00ba BPM do Esp\u00edrito Santo.<\/p>\n<p>A solenidade militar alusiva ao anivers\u00e1rio do 5\u00ba BPM n\u00e3o apenas celebrou as conquistas e a dedica\u00e7\u00e3o da unidade ao longo dos anos, mas tamb\u00e9m refor\u00e7ou o compromisso do 5\u00ba Batalh\u00e3o com a seguran\u00e7a e o bem-estar da comunidade capixaba, reafirmando sua import\u00e2ncia vital na manuten\u00e7\u00e3o da paz e da ordem no munic\u00edpio de Aracruz e regi\u00e3o, assim como no estado do Esp\u00edrito Santo.<\/p>\n<p><em><strong>Texto: Alessandro Bitti<\/strong><\/em><strong><br \/>\n<\/strong><em>E-mail: comunicacao@fsjb.edu.br<\/em><em><br \/>\nalessandro@fsjb.edu.br<\/em><em>\u00a0<\/em><\/p>\n<p>Data da publica\u00e7\u00e3o: 03\/10\/2022<\/p>\n<p><strong><em>Texto escrito com informa\u00e7\u00f5es do 5\u00ba BPM do Esp\u00edrito Santo<\/em><\/strong><\/p>\n","protected":false},"excerpt":{"rendered":"<p>Na \u00faltima quinta-feira, dia 28 de setembro, o audit\u00f3rio da Funda\u00e7\u00e3o S\u00e3o Jo\u00e3o Batista (FSJB), mantenedora da FAACZ (Faculdades Integradas Aracruz) e do CEA (Centro Educacional de Aracruz), foi palco de uma solenidade militar repleta de honras e reconhecimentos. Este evento hist\u00f3rico teve como objetivo celebrar os 37 anos de instala\u00e7\u00e3o do 5\u00ba Batalh\u00e3o da Pol\u00edcia Militar (BPM) do Esp\u00edrito Santo, uma data que marca n\u00e3o apenas o anivers\u00e1rio da unidade, mas tamb\u00e9m uma hist\u00f3ria de compromisso e dedica\u00e7\u00e3o \u00e0 comunidade capixaba. Oficialmente criado em 03 de setembro, o 5\u00ba BPM teve sua instala\u00e7\u00e3o inicial no Quartel do Comando Geral da Corpora\u00e7\u00e3o, em Maru\u00edpe, Vit\u00f3ria (ES). No entanto, sua expans\u00e3o levou-o para novos territ\u00f3rios, transferindo-o para o Parque de Exposi\u00e7\u00f5es \u201cFloriano Varej\u00e3o\u201d, em Carapina, Serra (ES), em 1988, e, finalmente, estabelecendo sua sede definitiva em Aracruz (ES), onde permanece at\u00e9 os dias atuais. A solenidade foi um evento grandioso que reuniu oficiais e pra\u00e7as da corpora\u00e7\u00e3o militar em uma celebra\u00e7\u00e3o que homenageou diversos grupos e personalidades que contribu\u00edram para o sucesso e a excel\u00eancia do 5\u00ba BPM. Entre os momentos mais emocionantes da cerim\u00f4nia, destacaram-se: &#8211; Reconhecimento aos Destaques: Os policiais militares que se destacaram em produtividade durante o 1\u00b0 Semestre de 2023 foram homenageados por seus esfor\u00e7os e dedica\u00e7\u00e3o \u00e0 comunidade. &#8211; Reserva Remunerada: Os membros que incorporaram o quadro da Reserva Remunerada receberam reconhecimento por sua longa e dedicada carreira. &#8211; Amigos do 5\u00b0 Batalh\u00e3o da Pol\u00edcia Militar: Personalidades que demonstraram apoio cont\u00ednuo e compromisso com a unidade foram agraciadas com este t\u00edtulo. &#8211; Medalha \u201cVasco Fernandes Coutinho\u201d: A condecora\u00e7\u00e3o da medalha teve como objetivo reconhecer e prestigiar as autoridades que contribu\u00edram e contribuem para a consolida\u00e7\u00e3o, manuten\u00e7\u00e3o e expans\u00e3o dos servi\u00e7os prestados ao 5\u00b0 BPM. A cerim\u00f4nia contou com a ilustre presen\u00e7a do Comandante do 2\u00ba CPOR (Pol\u00edcia Ostensiva Regional), Coronel Mario Marcelo Dal Col, e outras autoridades militares e civis. A presidente da Funda\u00e7\u00e3o S\u00e3o Jo\u00e3o Batista, Sr.\u00aa Celi Cabral, tamb\u00e9m marcou presen\u00e7a no evento, destacando a import\u00e2ncia da parceria entre a institui\u00e7\u00e3o e o 5\u00ba BPM. O Comandante do 2\u00ba CPOR, Coronel Mario Marcelo Dal Col, dirigiu palavras de reconhecimento a todos os presentes e parabenizou os militares do 5\u2070 Batalh\u00e3o por este significativo marco. J\u00e1 o Comandante do 5 \u00ba Batalh\u00e3o, Tenente-coronel Edsandro Vieira Crema, expressou sua gratid\u00e3o a todos que apoiaram a unidade ao longo dos anos e enfatizou o compromisso cont\u00ednuo do batalh\u00e3o com o povo capixaba. Um dos momentos mais tocantes do dia foi a chegada dos alunos do 2\u00ba Ano do Ensino Fundamental, turmas \u201cA\u201d e \u201cB\u201d, do Centro Educacional de Aracruz (CEA), acompanhados da professora regente do 2\u00ba Ano \u201cB\u201d, Maria da Penha Souza Moraes Rui, e da professora de Educa\u00e7\u00e3o F\u00edsica, Marinice Maziero. Os alunos do CEA emocionaram a todos com uma singela homenagem ao 5\u00ba Batalh\u00e3o, ao aplaudirem os policiais como forma de agradecimento ao servi\u00e7o prestado \u00e0 popula\u00e7\u00e3o. Essa participa\u00e7\u00e3o simbolizou a liga\u00e7\u00e3o pr\u00f3xima entre o 5\u00ba BPM e a comunidade local, destacando o papel essencial da educa\u00e7\u00e3o e do apoio da sociedade na miss\u00e3o policial. No in\u00edcio da solenidade, todos os policiais militares presentes entoaram a \u201cCan\u00e7\u00e3o do Soldado Capixaba\u201d, o hino oficial da Pol\u00edcia Militar do Esp\u00edrito Santo (PMES), bem como o Hino Nacional Brasileiro. J\u00e1 no encerramento da cerim\u00f4nia, convidados e familiares dos militares presentes compartilharam um momento de confraterniza\u00e7\u00e3o, com direito a um bolo de anivers\u00e1rio, em comemora\u00e7\u00e3o aos 37 anos de cria\u00e7\u00e3o do 5\u00ba BPM do Esp\u00edrito Santo. A solenidade militar alusiva ao anivers\u00e1rio do 5\u00ba BPM n\u00e3o apenas celebrou as conquistas e a dedica\u00e7\u00e3o da unidade ao longo dos anos, mas tamb\u00e9m refor\u00e7ou o compromisso do 5\u00ba Batalh\u00e3o com a seguran\u00e7a e o bem-estar da comunidade capixaba, reafirmando sua import\u00e2ncia vital na manuten\u00e7\u00e3o da paz e da ordem no munic\u00edpio de Aracruz e regi\u00e3o, assim como no estado do Esp\u00edrito Santo. Texto: Alessandro Bitti E-mail: comunicacao@fsjb.edu.br alessandro@fsjb.edu.br\u00a0 Data da publica\u00e7\u00e3o: 03\/10\/2022 Texto escrito com informa\u00e7\u00f5es do 5\u00ba BPM do Esp\u00edrito Santo<\/p>\n","protected":false},"author":1,"featured_media":2733,"comment_status":"closed","ping_status":"closed","sticky":false,"template":"","format":"standard","meta":{"om_disable_all_campaigns":false,"_exactmetrics_skip_tracking":false,"_exactmetrics_sitenote_active":false,"_exactmetrics_sitenote_note":"","_exactmetrics_sitenote_category":0,"_monsterinsights_skip_tracking":false,"_monsterinsights_sitenote_active":false,"_monsterinsights_sitenote_note":"","_monsterinsights_sitenote_category":0,"_uf_show_specific_survey":0,"_uf_disable_surveys":false,"footnotes":""},"categories":[5],"tags":[],"class_list":["post-2732","post","type-post","status-publish","format-standard","has-post-thumbnail","hentry","category-fsjb"],"aioseo_notices":[],"_links":{"self":[{"href":"https:\/\/fsjb.edu.br\/portal\/wp-json\/wp\/v2\/posts\/2732","targetHints":{"allow":["GET"]}}],"collection":[{"href":"https:\/\/fsjb.edu.br\/portal\/wp-json\/wp\/v2\/posts"}],"about":[{"href":"https:\/\/fsjb.edu.br\/portal\/wp-json\/wp\/v2\/types\/post"}],"author":[{"embeddable":true,"href":"https:\/\/fsjb.edu.br\/portal\/wp-json\/wp\/v2\/users\/1"}],"replies":[{"embeddable":true,"href":"https:\/\/fsjb.edu.br\/portal\/wp-json\/wp\/v2\/comments?post=2732"}],"version-history":[{"count":0,"href":"https:\/\/fsjb.edu.br\/portal\/wp-json\/wp\/v2\/posts\/2732\/revisions"}],"wp:featuredmedia":[{"embeddable":true,"href":"https:\/\/fsjb.edu.br\/portal\/wp-json\/wp\/v2\/media\/2733"}],"wp:attachment":[{"href":"https:\/\/fsjb.edu.br\/portal\/wp-json\/wp\/v2\/media?parent=2732"}],"wp:term":[{"taxonomy":"category","embeddable":true,"href":"https:\/\/fsjb.edu.br\/portal\/wp-json\/wp\/v2\/categories?post=2732"},{"taxonomy":"post_tag","embeddable":true,"href":"https:\/\/fsjb.edu.br\/portal\/wp-json\/wp\/v2\/tags?post=2732"}],"curies":[{"name":"wp","href":"https:\/\/api.w.org\/{rel}","templated":true}]}}